{"id":2612,"date":"2025-05-29T22:04:53","date_gmt":"2025-05-29T22:04:53","guid":{"rendered":"https:\/\/abogadajulia.com\/?p=2612"},"modified":"2026-08-19T22:02:19","modified_gmt":"2026-08-19T22:02:19","slug":"episodio-11-inmigracion-en-los-medios-protegete-de-la-desinformacion-y-recupera-el-poder-de-la-verdad","status":"publish","type":"post","link":"https:\/\/abogadajulia.com\/en\/episodio-11-inmigracion-en-los-medios-protegete-de-la-desinformacion-y-recupera-el-poder-de-la-verdad\/podcast-de-inmigracion\/","title":{"rendered":"Episode 11 \u2013 Immigration in Social Media: Protect Yourself from Misinformation and Reclaim the Power of Truth"},"content":{"rendered":"<figure class=\"wp-block-embed is-type-video is-provider-youtube wp-block-embed-youtube wp-embed-aspect-16-9 wp-has-aspect-ratio\"><div class=\"wp-block-embed__wrapper\">\n<iframe loading=\"lazy\" title=\"EP. #11 Inmigraci\u00f3n en los medios: prot\u00e9gete de la desinformaci\u00f3n y recupera el poder de la verdad\" width=\"500\" height=\"281\" src=\"https:\/\/www.youtube.com\/embed\/wU002jQnPw8?start=371&#038;feature=oembed\" frameborder=\"0\" allow=\"accelerometer; autoplay; clipboard-write; encrypted-media; gyroscope; picture-in-picture; web-share\" referrerpolicy=\"strict-origin-when-cross-origin\" allowfullscreen><\/iframe>\n<\/div><\/figure>\n\n\n\n<div style=\"color:#ddd\" class=\"wp-block-genesis-blocks-gb-spacer gb-block-spacer gb-divider-solid gb-divider-size-1\"><hr style=\"height:30px\"\/><\/div>\n\n\n\n<p>Does the information you receive about immigration make you feel afraid or provide clarity? In this episode of El Podcast de Inmigraci\u00f3n, Attorney Julia speaks with journalist Marcela Alarc\u00f3n, creator of the podcast Migraci\u00f3n Segura, now part of Univision and Uforia about the impact of misinformation on our community.<\/p>\n\n\n\n<p>From social media to WhatsApp groups, misinformation can sow panic, confusion, and hopelessness. Yet, there are also responsible voices that provide information with empathy and truth. <\/p>\n\n\n\n<p>\ud83c\udf99\ufe0f Discover: <\/p>\n\n\n\n<p>\u2714 How to identify fake news about immigration <\/p>\n\n\n\n<p>\u2714 Which media outlets and sources you can actually trust <\/p>\n\n\n\n<p>\u2714 Why accurate information is a tool for empowerment. This episode doesn't just inform you; it gives you the tools to act calmly, protect yourself, and move forward with dignity<\/p>\n\n\n\n<p><\/p>","protected":false},"excerpt":{"rendered":"<p>\u00bfLa informaci\u00f3n que recibes sobre inmigraci\u00f3n te causa miedo o te da claridad? En este episodio de El Podcast de Inmigraci\u00f3n, la Abogada Julia conversa con la periodista Marcela Alarc\u00f3n, creadora del podcast Migraci\u00f3n Segura, ahora parte de Univision y Uforia, sobre el impacto de la desinformaci\u00f3n en nuestra comunidad. Desde redes sociales hasta grupos [&hellip;]<\/p>\n","protected":false},"author":4,"featured_media":0,"comment_status":"closed","ping_status":"closed","sticky":false,"template":"","format":"standard","meta":{"footnotes":""},"categories":[36],"tags":[],"class_list":["post-2612","post","type-post","status-publish","format-standard","hentry","category-podcast-de-inmigracion"],"yoast_head":"<!-- This site is optimized with the Yoast SEO plugin v28.1 - https:\/\/yoast.com\/product\/yoast-seo-wordpress\/ -->\n<title>Episodio 11 - Inmigraci\u00f3n en los medios: prot\u00e9gete de la desinformaci\u00f3n y recupera el poder de la verdad - Abogada de Inmigraci\u00f3n - Experta en Visa T - Abogada Julia<\/title>\n<meta name=\"description\" content=\"Episodio 11: Inmigraci\u00f3n en los medios: prot\u00e9gete de la desinformaci\u00f3n y recupera el poder de la verdad. M\u00edralo en El Podcast de Inmigraci\u00f3n con Abogada Julia.\" \/>\n<meta name=\"robots\" content=\"index, follow, max-snippet:-1, max-image-preview:large, max-video-preview:-1\" \/>\n<link rel=\"canonical\" href=\"https:\/\/abogadajulia.com\/en\/episodio-11-inmigracion-en-los-medios-protegete-de-la-desinformacion-y-recupera-el-poder-de-la-verdad\/podcast-de-inmigracion\/\" \/>\n<meta property=\"og:locale\" content=\"en_US\" \/>\n<meta property=\"og:type\" content=\"article\" \/>\n<meta property=\"og:title\" content=\"Episodio 11 - Inmigraci\u00f3n en los medios: prot\u00e9gete de la desinformaci\u00f3n y recupera el poder de la verdad - Abogada de Inmigraci\u00f3n - Experta en Visa T - Abogada Julia\" \/>\n<meta property=\"og:description\" content=\"Episodio 11: Inmigraci\u00f3n en los medios: prot\u00e9gete de la desinformaci\u00f3n y recupera el poder de la verdad. M\u00edralo en El Podcast de Inmigraci\u00f3n con Abogada Julia.\" \/>\n<meta property=\"og:url\" content=\"https:\/\/abogadajulia.com\/en\/episodio-11-inmigracion-en-los-medios-protegete-de-la-desinformacion-y-recupera-el-poder-de-la-verdad\/podcast-de-inmigracion\/\" \/>\n<meta property=\"og:site_name\" content=\"Abogada de Inmigraci\u00f3n - Experta en Visa T - Abogada Julia\" \/>\n<meta property=\"article:publisher\" content=\"https:\/\/www.facebook.com\/abogadadeinmigracionjulia\/\" \/>\n<meta property=\"article:published_time\" content=\"2025-05-29T22:04:53+00:00\" \/>\n<meta property=\"article:modified_time\" content=\"2026-08-19T22:02:19+00:00\" \/>\n<meta name=\"author\" content=\"Jesus Sarabia\" \/>\n<meta name=\"twitter:card\" content=\"summary_large_image\" \/>\n<meta name=\"twitter:label1\" content=\"Written by\" \/>\n\t<meta name=\"twitter:data1\" content=\"Jesus Sarabia\" \/>\n\t<meta name=\"twitter:label2\" content=\"Est. reading time\" \/>\n\t<meta name=\"twitter:data2\" content=\"1 minute\" \/>\n<script type=\"application\/ld+json\" class=\"yoast-schema-graph\">{\"@context\":\"https:\\\/\\\/schema.org\",\"@graph\":[{\"@type\":\"Article\",\"@id\":\"https:\\\/\\\/abogadajulia.com\\\/episodio-11-inmigracion-en-los-medios-protegete-de-la-desinformacion-y-recupera-el-poder-de-la-verdad\\\/podcast-de-inmigracion\\\/#article\",\"isPartOf\":{\"@id\":\"https:\\\/\\\/abogadajulia.com\\\/episodio-11-inmigracion-en-los-medios-protegete-de-la-desinformacion-y-recupera-el-poder-de-la-verdad\\\/podcast-de-inmigracion\\\/\"},\"author\":{\"name\":\"Jesus Sarabia\",\"@id\":\"https:\\\/\\\/abogadajulia.com\\\/#\\\/schema\\\/person\\\/cf0f2ed6537ce4039eaad0566fa3f731\"},\"headline\":\"Episodio 11 &#8211; Inmigraci\u00f3n en los medios: prot\u00e9gete de la desinformaci\u00f3n y recupera el poder de la verdad\",\"datePublished\":\"2025-05-29T22:04:53+00:00\",\"dateModified\":\"2026-08-19T22:02:19+00:00\",\"mainEntityOfPage\":{\"@id\":\"https:\\\/\\\/abogadajulia.com\\\/episodio-11-inmigracion-en-los-medios-protegete-de-la-desinformacion-y-recupera-el-poder-de-la-verdad\\\/podcast-de-inmigracion\\\/\"},\"wordCount\":168,\"publisher\":{\"@id\":\"https:\\\/\\\/abogadajulia.com\\\/#organization\"},\"articleSection\":[\"Podcast de Inmigraci\u00f3n\"],\"inLanguage\":\"en-US\"},{\"@type\":\"WebPage\",\"@id\":\"https:\\\/\\\/abogadajulia.com\\\/episodio-11-inmigracion-en-los-medios-protegete-de-la-desinformacion-y-recupera-el-poder-de-la-verdad\\\/podcast-de-inmigracion\\\/\",\"url\":\"https:\\\/\\\/abogadajulia.com\\\/episodio-11-inmigracion-en-los-medios-protegete-de-la-desinformacion-y-recupera-el-poder-de-la-verdad\\\/podcast-de-inmigracion\\\/\",\"name\":\"Episodio 11 - Inmigraci\u00f3n en los medios: prot\u00e9gete de la desinformaci\u00f3n y recupera el poder de la verdad - Abogada de Inmigraci\u00f3n - Experta en Visa T - Abogada Julia\",\"isPartOf\":{\"@id\":\"https:\\\/\\\/abogadajulia.com\\\/#website\"},\"datePublished\":\"2025-05-29T22:04:53+00:00\",\"dateModified\":\"2026-08-19T22:02:19+00:00\",\"description\":\"Episodio 11: Inmigraci\u00f3n en los medios: prot\u00e9gete de la desinformaci\u00f3n y recupera el poder de la verdad. M\u00edralo en El Podcast de Inmigraci\u00f3n con Abogada Julia.\",\"breadcrumb\":{\"@id\":\"https:\\\/\\\/abogadajulia.com\\\/episodio-11-inmigracion-en-los-medios-protegete-de-la-desinformacion-y-recupera-el-poder-de-la-verdad\\\/podcast-de-inmigracion\\\/#breadcrumb\"},\"inLanguage\":\"en-US\",\"potentialAction\":[{\"@type\":\"ReadAction\",\"target\":[\"https:\\\/\\\/abogadajulia.com\\\/episodio-11-inmigracion-en-los-medios-protegete-de-la-desinformacion-y-recupera-el-poder-de-la-verdad\\\/podcast-de-inmigracion\\\/\"]}]},{\"@type\":\"BreadcrumbList\",\"@id\":\"https:\\\/\\\/abogadajulia.com\\\/episodio-11-inmigracion-en-los-medios-protegete-de-la-desinformacion-y-recupera-el-poder-de-la-verdad\\\/podcast-de-inmigracion\\\/#breadcrumb\",\"itemListElement\":[{\"@type\":\"ListItem\",\"position\":1,\"name\":\"Home\",\"item\":\"https:\\\/\\\/abogadajulia.com\\\/\"},{\"@type\":\"ListItem\",\"position\":2,\"name\":\"Episodio 11 &#8211; Inmigraci\u00f3n en los medios: prot\u00e9gete de la desinformaci\u00f3n y recupera el poder de la verdad\"}]},{\"@type\":\"WebSite\",\"@id\":\"https:\\\/\\\/abogadajulia.com\\\/#website\",\"url\":\"https:\\\/\\\/abogadajulia.com\\\/\",\"name\":\"Abogada de Inmigraci\u00f3n - Experta en Visa T - Abogada Julia\",\"description\":\"Abogada de Inmigraci\u00f3n - Experta en Visa T\",\"publisher\":{\"@id\":\"https:\\\/\\\/abogadajulia.com\\\/#organization\"},\"potentialAction\":[{\"@type\":\"SearchAction\",\"target\":{\"@type\":\"EntryPoint\",\"urlTemplate\":\"https:\\\/\\\/abogadajulia.com\\\/?s={search_term_string}\"},\"query-input\":{\"@type\":\"PropertyValueSpecification\",\"valueRequired\":true,\"valueName\":\"search_term_string\"}}],\"inLanguage\":\"en-US\"},{\"@type\":\"Organization\",\"@id\":\"https:\\\/\\\/abogadajulia.com\\\/#organization\",\"name\":\"Abogada de Inmigraci\u00f3n - Experta en Visa T - Abogada Julia\",\"url\":\"https:\\\/\\\/abogadajulia.com\\\/\",\"logo\":{\"@type\":\"ImageObject\",\"inLanguage\":\"en-US\",\"@id\":\"https:\\\/\\\/abogadajulia.com\\\/#\\\/schema\\\/logo\\\/image\\\/\",\"url\":\"https:\\\/\\\/abogadajulia.com\\\/wp-content\\\/uploads\\\/2025\\\/09\\\/AJ-GFI_Color_Logo-scaled.png\",\"contentUrl\":\"https:\\\/\\\/abogadajulia.com\\\/wp-content\\\/uploads\\\/2025\\\/09\\\/AJ-GFI_Color_Logo-scaled.png\",\"width\":2560,\"height\":510,\"caption\":\"Abogada de Inmigraci\u00f3n - Experta en Visa T - Abogada Julia\"},\"image\":{\"@id\":\"https:\\\/\\\/abogadajulia.com\\\/#\\\/schema\\\/logo\\\/image\\\/\"},\"sameAs\":[\"https:\\\/\\\/www.facebook.com\\\/abogadadeinmigracionjulia\\\/\",\"https:\\\/\\\/www.instagram.com\\\/abogadadeinmigracionjulia\\\/\",\"https:\\\/\\\/www.tiktok.com\\\/@abogadajulia\",\"https:\\\/\\\/www.youtube.com\\\/channel\\\/UCgnxaArpnMIRx_2yhI2EYFA\"]},{\"@type\":\"Person\",\"@id\":\"https:\\\/\\\/abogadajulia.com\\\/#\\\/schema\\\/person\\\/cf0f2ed6537ce4039eaad0566fa3f731\",\"name\":\"Jesus Sarabia\",\"image\":{\"@type\":\"ImageObject\",\"inLanguage\":\"en-US\",\"@id\":\"https:\\\/\\\/abogadajulia.com\\\/wp-content\\\/litespeed\\\/avatar\\\/a76d3959d51c4d455d0d37cd97e9337d.jpg?ver=1788037541\",\"url\":\"https:\\\/\\\/abogadajulia.com\\\/wp-content\\\/litespeed\\\/avatar\\\/a76d3959d51c4d455d0d37cd97e9337d.jpg?ver=1788037541\",\"contentUrl\":\"https:\\\/\\\/abogadajulia.com\\\/wp-content\\\/litespeed\\\/avatar\\\/a76d3959d51c4d455d0d37cd97e9337d.jpg?ver=1788037541\",\"caption\":\"Jesus Sarabia\"},\"url\":\"https:\\\/\\\/abogadajulia.com\\\/en\\\/author\\\/jesushumberto\\\/\"}]}<\/script>\n<!-- \/ Yoast SEO plugin. -->","yoast_head_json":{"title":"Episodio 11 - Inmigraci\u00f3n en los medios: prot\u00e9gete de la desinformaci\u00f3n y recupera el poder de la verdad - Abogada de Inmigraci\u00f3n - Experta en Visa T - Abogada Julia","description":"Episode 11: Immigration in the media\u2014protect yourself from misinformation and reclaim the power of the truth. Watch it on The Immigration Podcast with Attorney Julia.","robots":{"index":"index","follow":"follow","max-snippet":"max-snippet:-1","max-image-preview":"max-image-preview:large","max-video-preview":"max-video-preview:-1"},"canonical":"https:\/\/abogadajulia.com\/en\/episodio-11-inmigracion-en-los-medios-protegete-de-la-desinformacion-y-recupera-el-poder-de-la-verdad\/podcast-de-inmigracion\/","og_locale":"en_US","og_type":"article","og_title":"Episodio 11 - Inmigraci\u00f3n en los medios: prot\u00e9gete de la desinformaci\u00f3n y recupera el poder de la verdad - Abogada de Inmigraci\u00f3n - Experta en Visa T - Abogada Julia","og_description":"Episodio 11: Inmigraci\u00f3n en los medios: prot\u00e9gete de la desinformaci\u00f3n y recupera el poder de la verdad. M\u00edralo en El Podcast de Inmigraci\u00f3n con Abogada Julia.","og_url":"https:\/\/abogadajulia.com\/en\/episodio-11-inmigracion-en-los-medios-protegete-de-la-desinformacion-y-recupera-el-poder-de-la-verdad\/podcast-de-inmigracion\/","og_site_name":"Abogada de Inmigraci\u00f3n - Experta en Visa T - Abogada Julia","article_publisher":"https:\/\/www.facebook.com\/abogadadeinmigracionjulia\/","article_published_time":"2025-05-29T22:04:53+00:00","article_modified_time":"2026-08-19T22:02:19+00:00","author":"Jesus Sarabia","twitter_card":"summary_large_image","twitter_misc":{"Written by":"Jesus Sarabia","Est. reading time":"1 minute"},"schema":{"@context":"https:\/\/schema.org","@graph":[{"@type":"Article","@id":"https:\/\/abogadajulia.com\/episodio-11-inmigracion-en-los-medios-protegete-de-la-desinformacion-y-recupera-el-poder-de-la-verdad\/podcast-de-inmigracion\/#article","isPartOf":{"@id":"https:\/\/abogadajulia.com\/episodio-11-inmigracion-en-los-medios-protegete-de-la-desinformacion-y-recupera-el-poder-de-la-verdad\/podcast-de-inmigracion\/"},"author":{"name":"Jesus Sarabia","@id":"https:\/\/abogadajulia.com\/#\/schema\/person\/cf0f2ed6537ce4039eaad0566fa3f731"},"headline":"Episodio 11 &#8211; Inmigraci\u00f3n en los medios: prot\u00e9gete de la desinformaci\u00f3n y recupera el poder de la verdad","datePublished":"2025-05-29T22:04:53+00:00","dateModified":"2026-08-19T22:02:19+00:00","mainEntityOfPage":{"@id":"https:\/\/abogadajulia.com\/episodio-11-inmigracion-en-los-medios-protegete-de-la-desinformacion-y-recupera-el-poder-de-la-verdad\/podcast-de-inmigracion\/"},"wordCount":168,"publisher":{"@id":"https:\/\/abogadajulia.com\/#organization"},"articleSection":["Podcast de Inmigraci\u00f3n"],"inLanguage":"en-US"},{"@type":"WebPage","@id":"https:\/\/abogadajulia.com\/episodio-11-inmigracion-en-los-medios-protegete-de-la-desinformacion-y-recupera-el-poder-de-la-verdad\/podcast-de-inmigracion\/","url":"https:\/\/abogadajulia.com\/episodio-11-inmigracion-en-los-medios-protegete-de-la-desinformacion-y-recupera-el-poder-de-la-verdad\/podcast-de-inmigracion\/","name":"Episodio 11 - Inmigraci\u00f3n en los medios: prot\u00e9gete de la desinformaci\u00f3n y recupera el poder de la verdad - Abogada de Inmigraci\u00f3n - Experta en Visa T - Abogada Julia","isPartOf":{"@id":"https:\/\/abogadajulia.com\/#website"},"datePublished":"2025-05-29T22:04:53+00:00","dateModified":"2026-08-19T22:02:19+00:00","description":"Episode 11: Immigration in the media\u2014protect yourself from misinformation and reclaim the power of the truth. Watch it on The Immigration Podcast with Attorney Julia.","breadcrumb":{"@id":"https:\/\/abogadajulia.com\/episodio-11-inmigracion-en-los-medios-protegete-de-la-desinformacion-y-recupera-el-poder-de-la-verdad\/podcast-de-inmigracion\/#breadcrumb"},"inLanguage":"en-US","potentialAction":[{"@type":"ReadAction","target":["https:\/\/abogadajulia.com\/episodio-11-inmigracion-en-los-medios-protegete-de-la-desinformacion-y-recupera-el-poder-de-la-verdad\/podcast-de-inmigracion\/"]}]},{"@type":"BreadcrumbList","@id":"https:\/\/abogadajulia.com\/episodio-11-inmigracion-en-los-medios-protegete-de-la-desinformacion-y-recupera-el-poder-de-la-verdad\/podcast-de-inmigracion\/#breadcrumb","itemListElement":[{"@type":"ListItem","position":1,"name":"Home","item":"https:\/\/abogadajulia.com\/"},{"@type":"ListItem","position":2,"name":"Episodio 11 &#8211; Inmigraci\u00f3n en los medios: prot\u00e9gete de la desinformaci\u00f3n y recupera el poder de la verdad"}]},{"@type":"WebSite","@id":"https:\/\/abogadajulia.com\/#website","url":"https:\/\/abogadajulia.com\/","name":"Abogada de Inmigraci\u00f3n - Experta en Visa T - Abogada Julia","description":"Abogada de Inmigraci\u00f3n - Experta en Visa T","publisher":{"@id":"https:\/\/abogadajulia.com\/#organization"},"potentialAction":[{"@type":"SearchAction","target":{"@type":"EntryPoint","urlTemplate":"https:\/\/abogadajulia.com\/?s={search_term_string}"},"query-input":{"@type":"PropertyValueSpecification","valueRequired":true,"valueName":"search_term_string"}}],"inLanguage":"en-US"},{"@type":"Organization","@id":"https:\/\/abogadajulia.com\/#organization","name":"Abogada de Inmigraci\u00f3n - Experta en Visa T - Abogada Julia","url":"https:\/\/abogadajulia.com\/","logo":{"@type":"ImageObject","inLanguage":"en-US","@id":"https:\/\/abogadajulia.com\/#\/schema\/logo\/image\/","url":"https:\/\/abogadajulia.com\/wp-content\/uploads\/2025\/09\/AJ-GFI_Color_Logo-scaled.png","contentUrl":"https:\/\/abogadajulia.com\/wp-content\/uploads\/2025\/09\/AJ-GFI_Color_Logo-scaled.png","width":2560,"height":510,"caption":"Abogada de Inmigraci\u00f3n - Experta en Visa T - Abogada Julia"},"image":{"@id":"https:\/\/abogadajulia.com\/#\/schema\/logo\/image\/"},"sameAs":["https:\/\/www.facebook.com\/abogadadeinmigracionjulia\/","https:\/\/www.instagram.com\/abogadadeinmigracionjulia\/","https:\/\/www.tiktok.com\/@abogadajulia","https:\/\/www.youtube.com\/channel\/UCgnxaArpnMIRx_2yhI2EYFA"]},{"@type":"Person","@id":"https:\/\/abogadajulia.com\/#\/schema\/person\/cf0f2ed6537ce4039eaad0566fa3f731","name":"Jesus Sarabia","image":{"@type":"ImageObject","inLanguage":"en-US","@id":"https:\/\/abogadajulia.com\/wp-content\/litespeed\/avatar\/a76d3959d51c4d455d0d37cd97e9337d.jpg?ver=1788037541","url":"https:\/\/abogadajulia.com\/wp-content\/litespeed\/avatar\/a76d3959d51c4d455d0d37cd97e9337d.jpg?ver=1788037541","contentUrl":"https:\/\/abogadajulia.com\/wp-content\/litespeed\/avatar\/a76d3959d51c4d455d0d37cd97e9337d.jpg?ver=1788037541","caption":"Jesus Sarabia"},"url":"https:\/\/abogadajulia.com\/en\/author\/jesushumberto\/"}]}},"featured_image_src":null,"featured_image_src_square":null,"author_info":{"display_name":"Jesus Sarabia","author_link":"https:\/\/abogadajulia.com\/en\/author\/jesushumberto\/"},"_links":{"self":[{"href":"https:\/\/abogadajulia.com\/en\/wp-json\/wp\/v2\/posts\/2612","targetHints":{"allow":["GET"]}}],"collection":[{"href":"https:\/\/abogadajulia.com\/en\/wp-json\/wp\/v2\/posts"}],"about":[{"href":"https:\/\/abogadajulia.com\/en\/wp-json\/wp\/v2\/types\/post"}],"author":[{"embeddable":true,"href":"https:\/\/abogadajulia.com\/en\/wp-json\/wp\/v2\/users\/4"}],"replies":[{"embeddable":true,"href":"https:\/\/abogadajulia.com\/en\/wp-json\/wp\/v2\/comments?post=2612"}],"version-history":[{"count":1,"href":"https:\/\/abogadajulia.com\/en\/wp-json\/wp\/v2\/posts\/2612\/revisions"}],"predecessor-version":[{"id":2613,"href":"https:\/\/abogadajulia.com\/en\/wp-json\/wp\/v2\/posts\/2612\/revisions\/2613"}],"wp:attachment":[{"href":"https:\/\/abogadajulia.com\/en\/wp-json\/wp\/v2\/media?parent=2612"}],"wp:term":[{"taxonomy":"category","embeddable":true,"href":"https:\/\/abogadajulia.com\/en\/wp-json\/wp\/v2\/categories?post=2612"},{"taxonomy":"post_tag","embeddable":true,"href":"https:\/\/abogadajulia.com\/en\/wp-json\/wp\/v2\/tags?post=2612"}],"curies":[{"name":"wp","href":"https:\/\/api.w.org\/{rel}","templated":true}]}}